{"id":2623,"date":"2025-07-05T14:01:00","date_gmt":"2025-07-05T12:01:00","guid":{"rendered":"https:\/\/www.villacaormina.com\/?p=2623"},"modified":"2026-04-07T06:30:24","modified_gmt":"2026-04-07T04:30:24","slug":"opening-of-villa-caormina-and-european-cycling-week","status":"publish","type":"post","link":"https:\/\/www.villacaormina.com\/en\/ouverture-de-la-villa-caormina-et-semaine-europeenne-de-cyclotourisme\/","title":{"rendered":"Opening of Villa Caormina and European Cycling Week"},"content":{"rendered":"<div class=\"brz brz-root__container brz-reset-all brz-root__container-page\">\n<section id=\"yqkXVpGpBVWj_yqkXVpGpBVWj\" class=\"brz-section brz-css-d-section brz-css-jbgyv3\">\n<div class=\"brz-section__content brz-section--boxed brz-css-d-sectionitem-bg brz-css-nbj5gi\" data-brz-custom-id=\"tmsHfy3AXnI9\">\n<div class=\"brz-bg\">\n<div class=\"brz-bg-color\"><\/div>\n<\/div>\n<div class=\"brz-container brz-css-d-sectionitem-container brz-css-1x84akl\">\n<div class=\"brz-row__container brz-css-d-row-row brz-css-cy8wo2\" data-brz-custom-id=\"hsDxvwEpu5dW\">\n<div class=\"brz-row brz-css-d-row-container brz-css-10ea2nj\">\n<div class=\"brz-columns brz-css-d-column-column brz-css-sfhsj4\" data-brz-custom-id=\"xtirJgFZvWqh\">\n<div class=\"brz-column__items brz-css-d-column-bg brz-css-9z5jpp\">\n<div id=\"\" class=\"brz-css-d-wrapper brz-css-1f5pg3o brz-wrapper\">\n<div class=\"brz-rich-text brz-rich-text__custom brz-css-d-richtext brz-css-drsbin\" data-brz-custom-id=\"qmIiGlP_hUGX\">\n<div data-brz-translate-text=\"1\">\n<p class=\"brz-tp-lg-empty brz-ff-source_sans_3 brz-ft-google brz-fs-lg-16 brz-fss-lg-px brz-fw-lg-400 brz-ls-lg-0 brz-lh-lg-1_4 brz-vfw-lg-400 brz-fwdth-lg-100 brz-fsft-lg-0 brz-css-dRYIu\" data-uniq-id=\"sOzpc\" data-generated-css=\"brz-css-d3Vab\"><a class=\"brz-cp-color7 link--page\" href=\"https:\/\/www.villacaormina.com\/en\/\" data-brz-link-type=\"page\">Home <\/a><span class=\"brz-cp-color7\"> <\/span><span class=\"brz-cp-color2\">&gt;<\/span><span class=\"brz-cp-color7\">  <\/span><a class=\"brz-cp-color7 link--page\" href=\"https:\/\/www.villacaormina.com\/en\/blog\/\" data-brz-link-type=\"page\">Blog<\/a><span class=\"brz-cp-color7\"> <\/span><span class=\"brz-cp-color2\">&gt; <\/span><\/p>\n<\/div>\n<\/div>\n<\/div>\n<\/div>\n<\/div>\n<div class=\"brz-columns brz-css-d-column-column brz-css-3ywsp1\" data-brz-custom-id=\"nTazO4d2Dlam\">\n<div class=\"brz-column__items brz-css-d-column-bg brz-css-1kwihhs\">\n<div id=\"\" class=\"brz-css-d-wrapper brz-css-1vmj1d brz-wrapper\">\n<div class=\"brz-rich-text brz-rich-text__population brz-css-d-richtext brz-css-1jom5bd brz-css-d-dcrichtext brz-css-u9q1sd\" data-brz-custom-id=\"otdyVgAuEk0r\"><a class=\"brz-a brz-ed-content-dc-link !text-inherit\" target=\"_self\" rel=\"noopener\" href=\"https:\/\/www.villacaormina.com\/en\/opening-of-villa-caormina-and-european-cycling-week\/\" data-brz-link-type=\"external\"><\/p>\n<div class=\"brz-rich-text-context-wrapper\">\n<p>Opening of Villa Caormina and European Cycling Week<\/p>\n<\/div>\n<p><\/a><\/div>\n<\/div>\n<\/div>\n<\/div>\n<\/div>\n<\/div>\n<div id=\"\" class=\"brz-css-d-wrapper brz-css-102cpsm brz-wrapper\">\n<div class=\"brz-rich-text brz-rich-text__population brz-css-d-richtext brz-css-12v53jw brz-css-d-dcrichtext brz-css-114kmhl\" data-brz-custom-id=\"kp06qIYhqTG3\">\n<div class=\"brz-rich-text-context-wrapper\">\n<p>Opening of Villa Caormina and European Cycling Week<\/p>\n<\/div>\n<\/div>\n<\/div>\n<div id=\"\" class=\"brz-css-d-wrapper brz-css-1o36s9c brz-wrapper\">\n<div class=\"brz-wp__postinfo brz-wp__postinfo__disabled-time brz-wp__postinfo__disabled-comments brz-css-d-wppostinfo brz-css-j1jyx8\" data-brz-custom-id=\"iuoNr__JGzbf\">\n<div style=\"min-height:20px\"><\/div>\n<\/div>\n<\/div>\n<div id=\"\" class=\"brz-css-d-wrapper brz-css-r-wrapper brz-css-13jbiep brz-wrapper\">\n<div class=\"brz-spacer brz-css-d-spacer brz-css-tlus23\"><\/div>\n<\/div>\n<div class=\"brz-row__container brz-css-d-row-row brz-css-1p16qld\" data-brz-custom-id=\"rV4ohFacXgXD\">\n<div class=\"brz-row brz-css-d-row-container brz-css-r-row-container brz-css-3g7rgl\">\n<div class=\"brz-columns brz-css-d-column-column brz-css-1xm9zes\" data-brz-custom-id=\"trc1n1IJbgSv\">\n<div class=\"brz-column__items brz-css-d-column-bg brz-css-19sgfhx\">\n<div id=\"\" class=\"brz-css-d-wrapper brz-css-c7dgl9 brz-wrapper\">\n<div class=\"brz-image brz-css-d-image-c0pmwfi6cblv-parent brz-css-1h0oehm\" data-brz-custom-id=\"c0pMWfi6cblV\"><img decoding=\"async\" class=\"brz-img\" src=\"https:\/\/www.villacaormina.com\/wp-content\/uploads\/brizy\/imgs\/Villa-Caormina-Chambre-dhote-de-prestige-dans-le-Lot-1-294x196x0x0x294x196x1756308430.webp\" loading=\"lazy\" title=\"Villa Caormina - Prestige bed and breakfast in the Lot (1)\"><\/div>\n<\/div>\n<div id=\"\" class=\"brz-css-d-wrapper brz-css-1iisylr brz-wrapper\">\n<div class=\"brz-image brz-css-d-image-xmbxaugwn0c4-parent brz-css-1mnhb2x\" data-brz-custom-id=\"xmBxaugWN0c4\"><img decoding=\"async\" class=\"brz-img\" src=\"https:\/\/www.villacaormina.com\/wp-content\/uploads\/brizy\/imgs\/Semaine-europeenne-de-cyclotourisme-2025-a-Prayssac-294x196x0x0x294x196x1742916394.jpg\" loading=\"lazy\" title=\"European Cycle Touring Week 2025 in Prayssac\"><\/div>\n<\/div>\n<div id=\"\" class=\"brz-css-d-wrapper brz-css-dwlotw brz-wrapper\">\n<div class=\"brz-image brz-css-d-image-e8prowbaimmx-parent brz-css-18c2le9\" data-brz-custom-id=\"e8pRowbAImMx\"><img decoding=\"async\" class=\"brz-img\" src=\"https:\/\/www.villacaormina.com\/wp-content\/uploads\/brizy\/imgs\/marcheprayssac-294x147x0x0x294x147x1687945925.jpg\" loading=\"lazy\" title=\"prayssac market\"><\/div>\n<\/div>\n<\/div>\n<\/div>\n<div class=\"brz-columns brz-css-d-column-column brz-css-bnvaju\" data-brz-custom-id=\"jTWhMNJRaEXi\">\n<div class=\"brz-column__items brz-css-d-column-bg brz-css-k5em3j\">\n<div id=\"\" class=\"brz-css-d-wrapper brz-css-1jk1aao brz-wrapper\">\n<div class=\"brz-rich-text brz-rich-text__custom brz-css-d-richtext brz-css-1lqrifk\" data-brz-custom-id=\"d46yHKDcOojp\">\n<div data-brz-translate-text=\"1\">\n<h1 class=\"brz-text-xs-left brz-mb-lg-0 brz-tp-xs-empty brz-fs-xs-24 brz-fss-xs-px brz-fw-xs-400 brz-ls-xs-0 brz-lh-xs-1_4 brz-vfw-xs-400 brz-fwdth-xs-100 brz-fsft-xs-0 brz-tp-sm-empty brz-fs-sm-26 brz-fss-sm-px brz-fw-sm-400 brz-ls-sm-0 brz-lh-sm-1_4 brz-vfw-sm-400 brz-fwdth-sm-100 brz-fsft-sm-0 brz-tp-lg-empty brz-ff-s2Ces8m0l9Jz brz-ft-upload brz-fs-lg-31 brz-fss-lg-px brz-fw-lg-400 brz-ls-lg-0 brz-lh-lg-1_4 brz-vfw-lg-400 brz-fwdth-lg-100 brz-fsft-lg-0 brz-text-lg-justify brz-css-e86KF\" data-uniq-id=\"kZudj\" data-generated-css=\"brz-css-lWzfc\"><span class=\"brz-cp-color2\">Villa Caormina to open in 2025<\/span><\/h1>\n<\/div>\n<\/div>\n<\/div>\n<div id=\"\" class=\"brz-css-d-wrapper brz-css-oohjwg brz-wrapper\">\n<div class=\"brz-rich-text brz-rich-text__custom brz-css-d-richtext brz-css-cql54x\" data-brz-custom-id=\"lvJ28dtXyh7S\">\n<div data-brz-translate-text=\"1\">\n<p class=\"brz-ff-source_sans_3 brz-ft-google brz-fs-lg-20 brz-fss-lg-px brz-fw-lg-400 brz-ls-lg-0 brz-lh-lg-1_7 brz-vfw-lg-400 brz-fwdth-lg-100 brz-fsft-lg-0 brz-tp-lg-paragraph brz-mb-lg-10 brz-css-pv1Bi\" data-uniq-id=\"g_KOT\" data-generated-css=\"brz-css-qJDZN\"><span class=\"brz-cp-color7\">In the summer of 2025, we're delighted to be welcoming 8 cyclists registered for the European Bike Touring Week from 5 to 12 July.<\/span><\/p>\n<p class=\"brz-ff-source_sans_3 brz-ft-google brz-fs-lg-20 brz-fss-lg-px brz-fw-lg-400 brz-ls-lg-0 brz-lh-lg-1_7 brz-vfw-lg-400 brz-fwdth-lg-100 brz-fsft-lg-0 brz-tp-lg-paragraph brz-css-bWN2c\" data-uniq-id=\"wlyqT\" data-generated-css=\"brz-css-bw9oL\"><span class=\"brz-cp-color7\">The scale of the event and its meticulous organisation are impressive. This gathering of thousands of cyclists from all over France and Europe will almost double the population of Prayssac. We had to rise to the challenge of accommodating all these people in spikes! Villa Caormina is now fully booked, a splendid opportunity to launch our business in 2025.<\/span><\/p>\n<\/div>\n<\/div>\n<\/div>\n<div id=\"\" class=\"brz-css-d-wrapper brz-css-fbuxux brz-wrapper\">\n<div class=\"brz-rich-text brz-rich-text__custom brz-css-d-richtext brz-css-1mwywt2\" data-brz-custom-id=\"wzqQrjU8oIP3\">\n<div data-brz-translate-text=\"1\">\n<h2 class=\"brz-text-xs-left brz-mb-lg-0 brz-tp-xs-empty brz-fs-xs-24 brz-fss-xs-px brz-fw-xs-400 brz-ls-xs-0 brz-lh-xs-1_4 brz-vfw-xs-400 brz-fwdth-xs-100 brz-fsft-xs-0 brz-tp-sm-empty brz-fs-sm-26 brz-fss-sm-px brz-fw-sm-400 brz-ls-sm-0 brz-lh-sm-1_4 brz-vfw-sm-400 brz-fwdth-sm-100 brz-fsft-sm-0 brz-tp-lg-empty brz-ff-s2Ces8m0l9Jz brz-ft-upload brz-fs-lg-31 brz-fss-lg-px brz-fw-lg-400 brz-ls-lg-0 brz-lh-lg-1_4 brz-vfw-lg-400 brz-fwdth-lg-100 brz-fsft-lg-0 brz-text-lg-justify brz-css-vv9D4\" data-uniq-id=\"zkgFn\" data-generated-css=\"brz-css-uxZUO\"><span class=\"brz-cp-color2\">European Cycle Touring Week 2025 in Prayssac, Lot<\/span><\/h2>\n<\/div>\n<\/div>\n<\/div>\n<div id=\"\" class=\"brz-css-d-wrapper brz-css-1okav8f brz-wrapper\">\n<div class=\"brz-rich-text brz-rich-text__custom brz-css-d-richtext brz-css-drxzap\" data-brz-custom-id=\"jQX_wyhPaGXw\">\n<div data-brz-translate-text=\"1\">\n<p class=\"brz-tp-lg-paragraph brz-css-u3WUw\" data-generated-css=\"brz-css-r5y6J\" data-uniq-id=\"a6OQh\"><span class=\"brz-cp-color7\">From 5 to 12 July 2025, European Bike Touring Week returns to France, and the town of Prayssac will be hosting the event. The Lot d\u00e9partement, renowned for its bucolic landscapes and exceptional heritage, will be the setting for the next European Bike Touring Week 2025.<\/span><\/p>\n<\/div>\n<\/div>\n<\/div>\n<\/div>\n<\/div>\n<\/div>\n<\/div>\n<div id=\"\" class=\"brz-css-d-wrapper brz-css-r-wrapper brz-css-1u7f3nj brz-wrapper\">\n<div class=\"brz-spacer brz-css-d-spacer brz-css-67b2z8\"><\/div>\n<\/div>\n<div id=\"\" class=\"brz-css-d-wrapper brz-css-672z9g brz-wrapper\">\n<div class=\"brz-rich-text brz-rich-text__custom brz-css-d-richtext brz-css-5w5qj4\" data-brz-custom-id=\"vrf582BlUeYA\">\n<div data-brz-translate-text=\"1\">\n<h2 class=\"brz-text-lg-justify brz-fsft-lg-0 brz-fwdth-lg-100 brz-vfw-lg-400 brz-lh-lg-1_4 brz-ls-lg-0 brz-fw-lg-400 brz-fss-lg-px brz-fs-lg-31 brz-ft-upload brz-ff-s2Ces8m0l9Jz brz-tp-lg-empty brz-fsft-sm-0 brz-fwdth-sm-100 brz-vfw-sm-400 brz-lh-sm-1_4 brz-ls-sm-0 brz-fw-sm-400 brz-fss-sm-px brz-fs-sm-26 brz-tp-sm-empty brz-fsft-xs-0 brz-fwdth-xs-100 brz-vfw-xs-400 brz-lh-xs-1_4 brz-ls-xs-0 brz-fw-xs-400 brz-fss-xs-px brz-fs-xs-24 brz-tp-xs-empty brz-mb-lg-0 brz-text-xs-left brz-css-l_qvw\" data-generated-css=\"brz-css-qXLoz\" data-uniq-id=\"bDxl8\"><span class=\"brz-cp-color2\">Prayssac, in the heart of the Cahors vineyards<\/span><\/h2>\n<\/div>\n<\/div>\n<\/div>\n<div id=\"\" class=\"brz-css-d-wrapper brz-css-dauxq3 brz-wrapper\">\n<div class=\"brz-rich-text brz-rich-text__custom brz-css-d-richtext brz-css-qqfpsj\" data-brz-custom-id=\"lVz_Bglbo70z\">\n<div data-brz-translate-text=\"1\">\n<p class=\"brz-tp-lg-paragraph brz-css-hFK3y\" data-uniq-id=\"iBNJb\" data-generated-css=\"brz-css-qa10T\"><span class=\"brz-cp-color7\">Located in the Lot valley, on the border of the Dordogne, Lot-et-Garonne and Tarn-et-Garonne d\u00e9partements, Prayssac (population 2,500) is no stranger to cycling. The town has already hosted major cycle tourism events.<\/span><\/p>\n<\/div>\n<\/div>\n<\/div>\n<div id=\"\" class=\"brz-css-d-wrapper brz-css-srdrqh brz-wrapper\">\n<div class=\"brz-rich-text brz-rich-text__custom brz-css-d-richtext brz-css-fpx1ll\" data-brz-custom-id=\"f7nJ0gKZbyEC\">\n<div data-brz-translate-text=\"1\">\n<p class=\"brz-tp-lg-paragraph brz-mb-lg-10 brz-css-h4erG\" data-uniq-id=\"gcwRl\" data-generated-css=\"brz-css-daRGK\"><span class=\"brz-cp-color7\">Participants will have the opportunity to cycle on routes that reveal the beauty of the Lot :<\/span><\/p>\n<ul>\n<li class=\"brz-tp-lg-paragraph brz-mb-lg-10 brz-bcp-color7 brz-css-p6VsV\" data-uniq-id=\"ndvRS\" data-generated-css=\"brz-css-z1lrr\"><span class=\"brz-cp-color7\">Must-see sites: Rocamadour, Saint-Cirq-Lapopie, Padirac, Domme, Lauzerte and Monpazier.<\/span><\/li>\n<li class=\"brz-tp-lg-paragraph brz-bcp-color7 brz-css-h_1s9\" data-uniq-id=\"iqXhd\" data-generated-css=\"brz-css-xaufn\"><span class=\"brz-cp-color7\">Wine-growing landscapes: the Col de Crayssac offers breathtaking views over the vineyards of the Cahors wines.<\/span><\/li>\n<li class=\"brz-tp-lg-paragraph brz-bcp-color7 brz-css-fJwjU\" data-uniq-id=\"xwe63\" data-generated-css=\"brz-css-vV_jv\"><span class=\"brz-cp-color7\">A rich heritage: castles, cazelles and the famous Valentr\u00e9 bridge in Cahors, not forgetting the local gastronomy (pastis, mique).<\/span><\/li>\n<\/ul>\n<\/div>\n<\/div>\n<\/div>\n<div id=\"\" class=\"brz-css-d-wrapper brz-css-1kfaha0 brz-wrapper\">\n<div class=\"brz-rich-text brz-rich-text__custom brz-css-d-richtext brz-css-n4dqbu\" data-brz-custom-id=\"iFXbKPxl7937\">\n<div data-brz-translate-text=\"1\">\n<h2 class=\"brz-text-xs-left brz-mb-lg-0 brz-tp-xs-empty brz-fs-xs-24 brz-fss-xs-px brz-fw-xs-400 brz-ls-xs-0 brz-lh-xs-1_4 brz-vfw-xs-400 brz-fwdth-xs-100 brz-fsft-xs-0 brz-tp-sm-empty brz-fs-sm-26 brz-fss-sm-px brz-fw-sm-400 brz-ls-sm-0 brz-lh-sm-1_4 brz-vfw-sm-400 brz-fwdth-sm-100 brz-fsft-sm-0 brz-tp-lg-empty brz-ff-s2Ces8m0l9Jz brz-ft-upload brz-fs-lg-31 brz-fss-lg-px brz-fw-lg-400 brz-ls-lg-0 brz-lh-lg-1_4 brz-vfw-lg-400 brz-fwdth-lg-100 brz-fsft-lg-0 brz-text-lg-justify brz-css-rB7ko\" data-uniq-id=\"syuLr\" data-generated-css=\"brz-css-cEpTN\"><span class=\"brz-cp-color2\">European Week programme and events<\/span><\/h2>\n<\/div>\n<\/div>\n<\/div>\n<div id=\"\" class=\"brz-css-d-wrapper brz-css-1o0nx8w brz-wrapper\">\n<div class=\"brz-rich-text brz-rich-text__custom brz-css-d-richtext brz-css-1ujm1xr\" data-brz-custom-id=\"cTgYvYYtTtF0\">\n<div data-brz-translate-text=\"1\">\n<ul>\n<li class=\"brz-tp-lg-paragraph brz-mb-lg-10 brz-bcp-color7 brz-css-wL1BO\" data-generated-css=\"brz-css-csU74\" data-uniq-id=\"uXsmp\"><span class=\"brz-cp-color7\">Routes: seven days of itineraries suitable for all levels.<\/span><\/li>\n<li class=\"brz-tp-lg-paragraph brz-mb-lg-10 brz-bcp-color7 brz-css-ixj6n\" data-generated-css=\"brz-css-lcuTX\" data-uniq-id=\"oMHlm\"><span class=\"brz-cp-color7\">Visits for accompanying adults: excursions to Cahors, Rocamadour, Padirac and Puy-l'\u00c9v\u00eaque.<\/span><\/li>\n<li class=\"brz-tp-lg-paragraph brz-bcp-color7 brz-css-fyuHb\" data-generated-css=\"brz-css-iSZLz\" data-uniq-id=\"o5Ncl\"><span class=\"brz-cp-color7\">Events: every day, the centre of Prayssac will be alive with events organised by local associations and dedicated to local produce.<\/span><\/li>\n<\/ul>\n<p class=\"brz-tp-lg-paragraph brz-css-fnPw9\" data-generated-css=\"brz-css-rcUKB\" data-uniq-id=\"cJ26m\"><span class=\"brz-cp-color7\">of the region.<\/span><\/p>\n<\/div>\n<\/div>\n<\/div>\n<div id=\"\" class=\"brz-css-d-wrapper brz-css-osq2re brz-wrapper\">\n<div class=\"brz-rich-text brz-rich-text__custom brz-css-d-richtext brz-css-16kq8bp\" data-brz-custom-id=\"zKsa6iNcc0PN\">\n<div data-brz-translate-text=\"1\">\n<h2 class=\"brz-text-xs-left brz-mb-lg-0 brz-tp-xs-empty brz-fs-xs-24 brz-fss-xs-px brz-fw-xs-400 brz-ls-xs-0 brz-lh-xs-1_4 brz-vfw-xs-400 brz-fwdth-xs-100 brz-fsft-xs-0 brz-tp-sm-empty brz-fs-sm-26 brz-fss-sm-px brz-fw-sm-400 brz-ls-sm-0 brz-lh-sm-1_4 brz-vfw-sm-400 brz-fwdth-sm-100 brz-fsft-sm-0 brz-tp-lg-empty brz-ff-s2Ces8m0l9Jz brz-ft-upload brz-fs-lg-31 brz-fss-lg-px brz-fw-lg-400 brz-ls-lg-0 brz-lh-lg-1_4 brz-vfw-lg-400 brz-fwdth-lg-100 brz-fsft-lg-0 brz-text-lg-justify brz-css-slJw9\" data-uniq-id=\"syuLr\" data-generated-css=\"brz-css-cEpTN\"><span class=\"brz-cp-color2\">A warm welcome for 1,700 participants<\/span><\/h2>\n<\/div>\n<\/div>\n<\/div>\n<div id=\"\" class=\"brz-css-d-wrapper brz-css-uf907h brz-wrapper\">\n<div class=\"brz-rich-text brz-rich-text__custom brz-css-d-richtext brz-css-1y6bamv\" data-brz-custom-id=\"tAaTlOOn5HUE\">\n<div data-brz-translate-text=\"1\">\n<p class=\"brz-tp-lg-paragraph brz-mb-lg-10 brz-css-tuElJ\" data-generated-css=\"brz-css-ntlJH\" data-uniq-id=\"uE9Sv\"><span class=\"brz-cp-color7\">The welcome\/permanence village will be set up at the Espace Maurice Faure, an emblematic figure in Prayssac. Thanks to the involvement of local authorities, cycling clubs and the European Cycling Union (UECT), this event promises to be an unforgettable experience. In order to welcome participants in the best possible conditions, several accommodation options are available:<\/span><\/p>\n<ul>\n<li class=\"brz-tp-lg-paragraph brz-mb-lg-10 brz-bcp-color7 brz-css-xifZO\" data-generated-css=\"brz-css-bf81F\" data-uniq-id=\"xoigG\"><span class=\"brz-cp-color7\">Temporary campsites: 550 pitches with sanitary facilities (no electricity).<\/span><\/li>\n<li class=\"brz-tp-lg-paragraph brz-mb-lg-10 brz-bcp-color7 brz-css-keWj8\" data-generated-css=\"brz-css-iIBX4\" data-uniq-id=\"kYwbL\"><span class=\"brz-cp-color7\">Electric bicycle recharging: 300 sockets will be installed for electric bicycles (chargeable service).<\/span><\/li>\n<li class=\"brz-tp-lg-paragraph brz-mb-lg-10 brz-bcp-color7 brz-css-bz4aq\" data-generated-css=\"brz-css-fflMs\" data-uniq-id=\"eiyOf\"><span class=\"brz-cp-color7\">Holiday centres and private accommodation: within a 10km radius of Prayssac.<\/span><\/li>\n<\/ul>\n<p data-generated-css=\"brz-css-aBdQn\" data-uniq-id=\"bIAYu\" class=\"brz-tp-lg-paragraph brz-bcp-color7 brz-css-phMls\"><span class=\"brz-cp-color7\">Come and pedal your way through an area rich in discoveries, meet cyclists from all over Europe and share some friendly moments in an exceptional setting.<\/span><\/p>\n<\/div>\n<\/div>\n<\/div>\n<div id=\"\" class=\"brz-css-d-wrapper brz-css-1jltjay brz-wrapper\">\n<div class=\"brz-rich-text brz-rich-text__custom brz-css-d-richtext brz-css-1o1y6om\" data-brz-custom-id=\"jo3XijnLwbeH\">\n<div data-brz-translate-text=\"1\">\n<h2 class=\"brz-text-lg-justify brz-fsft-lg-0 brz-fwdth-lg-100 brz-vfw-lg-400 brz-lh-lg-1_4 brz-ls-lg-0 brz-fw-lg-400 brz-fss-lg-px brz-fs-lg-31 brz-ft-upload brz-ff-s2Ces8m0l9Jz brz-tp-lg-empty brz-fsft-sm-0 brz-fwdth-sm-100 brz-vfw-sm-400 brz-lh-sm-1_4 brz-ls-sm-0 brz-fw-sm-400 brz-fss-sm-px brz-fs-sm-26 brz-tp-sm-empty brz-fsft-xs-0 brz-fwdth-xs-100 brz-vfw-xs-400 brz-lh-xs-1_4 brz-ls-xs-0 brz-fw-xs-400 brz-fss-xs-px brz-fs-xs-24 brz-tp-xs-empty brz-mb-lg-0 brz-text-xs-left brz-css-hiVvx\" data-generated-css=\"brz-css-xG1Em\" data-uniq-id=\"kN06Y\"><span class=\"brz-cp-color2\">Press coverage of the event<\/span><\/h2>\n<\/div>\n<\/div>\n<\/div>\n<div id=\"\" class=\"brz-css-d-wrapper brz-css-ojblm5 brz-wrapper\">\n<div class=\"brz-rich-text brz-rich-text__custom brz-css-d-richtext brz-css-ob5a2p\" data-brz-custom-id=\"oSbRvIi455cO\">\n<div data-brz-translate-text=\"1\">\n<p data-generated-css=\"brz-css-hyr9E\" data-uniq-id=\"c4G8m\" class=\"brz-tp-lg-empty brz-ff-source_sans_3 brz-ft-google brz-fs-lg-19 brz-fss-lg-px brz-fw-lg-400 brz-ls-lg-0 brz-lh-lg-1_7 brz-vfw-lg-400 brz-fwdth-lg-100 brz-fsft-lg-0 brz-css-fUtmY\"><a class=\"link--external brz-cp-color5 brz-underline-true\" href=\"https:\/\/actu.fr\/occitanie\/prayssac_46225\/la-plus-belle-edition-bilan-tres-positif-pour-la-semaine-europeenne-du-cyclotourisme-a-prayssac_62943148.html\" data-brz-link-type=\"external\" target=\"_blank\" rel=\"noreferrer noopener\"><u>\u00abThe most beautiful edition\u00bb, a very positive assessment for the European Week of Cycle Tourism in Prayssac<\/u><\/a><\/p>\n<\/div>\n<\/div>\n<\/div>\n<div id=\"\" class=\"brz-css-d-wrapper brz-css-1hv0c7k brz-wrapper\">\n<div class=\"brz-rich-text brz-rich-text__custom brz-css-d-richtext brz-css-1lx074k\" data-brz-custom-id=\"dKG9aXy8rh68\">\n<div data-brz-translate-text=\"1\">\n<p class=\"brz-tp-lg-empty brz-ff-source_sans_3 brz-ft-google brz-fs-lg-19 brz-fss-lg-px brz-fw-lg-400 brz-ls-lg-0 brz-lh-lg-1_7 brz-vfw-lg-400 brz-fwdth-lg-100 brz-fsft-lg-0 brz-css-uhnhL\" data-generated-css=\"brz-css-otocu\" data-uniq-id=\"bjRnp\"><a class=\"brz-cp-color5 brz-underline-true link--external\" href=\"https:\/\/asunion-cyclo.fr\/spip.php?article144\" data-brz-link-type=\"external\" target=\"_blank\" rel=\"noreferrer noopener\"><u>19\u1d49 European Week Prayssac 2025<\/u><\/a><\/p>\n<\/div>\n<\/div>\n<\/div>\n<\/div>\n<\/div>\n<\/section><\/div>\n<p><!-- version:1763461973 --><\/p>","protected":false},"excerpt":{"rendered":"<p>Accueil &gt; Blog &gt; Ouverture de la Villa Caormina et Semaine europ\u00e9enne de cyclotourisme Ouverture de la Villa Caormina et Semaine europ\u00e9enne de cyclotourisme Ouverture de la Villa Caormina en 2025 \u00c0 l\u2019\u00e9t\u00e9 2025, nous sommes ravis d\u2019accueillir, du 5 au 12 juillet, 8 cyclistes inscrits \u00e0 la Semaine europ\u00e9enne de cyclotourisme. Un \u00e9v\u00e8nement impressionnant &#8230; <a title=\"Opening of Villa Caormina and European Cycling Week\" class=\"read-more\" href=\"https:\/\/www.villacaormina.com\/en\/ouverture-de-la-villa-caormina-et-semaine-europeenne-de-cyclotourisme\/\" aria-label=\"Read more about Opening of Villa Caormina and European Bike Touring Week\">Read more<\/a><\/p>","protected":false},"author":1,"featured_media":1775,"comment_status":"closed","ping_status":"closed","sticky":false,"template":"brizy-blank-template.php","format":"standard","meta":{"_seopress_robots_primary_cat":"none","_seopress_titles_title":"Ouverture de la Villa Caormina","_seopress_titles_desc":"\u00c0 l\u2019\u00e9t\u00e9 2025, nous sommes ravis d'ouvrir nos portes et d\u2019accueillir, du 5 au 12 juillet, 8 cyclistes inscrits \u00e0 la Semaine europ\u00e9enne de cyclotourisme.","_seopress_robots_index":"","footnotes":""},"categories":[1],"tags":[],"class_list":["post-2623","post","type-post","status-publish","format-standard","has-post-thumbnail","hentry","category-non-classe"],"brizy_media":[{"id":114,"url":"https:\/\/www.villacaormina.com\/wp-content\/uploads\/2022\/10\/Villa-Caormina-3.webp","name":"Villa-Caormina-3.webp","meta":{"brizy_attachment_uid":"wp-80b1323339e7d9789d348927703f6a25.webp","brizy_post_uid":["9c90d4c4f7953e3fc87353ae00df43cf","e9a296c0036db9e4cf914ba432dcc6bf"]}},{"id":638,"url":"https:\/\/www.villacaormina.com\/wp-content\/uploads\/2023\/06\/080619134222-Village-Puy-L_Eveque-Lot-Tourisme-Christiane-Roques.jpg","name":"080619134222-Village-Puy-L_Eveque-Lot-Tourisme-Christiane-Roques.jpg","meta":{"brizy_attachment_uid":"wp-1dce37138734dd66b9f3bab1a4b472d0.jpg","brizy_post_uid":["9c90d4c4f7953e3fc87353ae00df43cf","e9a296c0036db9e4cf914ba432dcc6bf"]}},{"id":643,"url":"https:\/\/www.villacaormina.com\/wp-content\/uploads\/2023\/06\/221105094537-Chemin-de-rando-dans-le-Segala-\u00a9-Aude-Leconte-Lot-Tourisme.jpg","name":"221105094537-Chemin-de-rando-dans-le-Segala-\u00a9-Aude-Leconte-Lot-Tourisme.jpg","meta":{"brizy_attachment_uid":"wp-aff3d280c6576b4bd33a99a5fc5ce1c6.jpg","brizy_post_uid":["9c90d4c4f7953e3fc87353ae00df43cf","e9a296c0036db9e4cf914ba432dcc6bf"]}},{"id":645,"url":"https:\/\/www.villacaormina.com\/wp-content\/uploads\/2023\/06\/marcheprayssac.jpg","name":"marcheprayssac.jpg","meta":{"brizy_attachment_uid":"wp-962654d85a0f038f518a35fdc59541d2.jpg","brizy_post_uid":["9c90d4c4f7953e3fc87353ae00df43cf","e9a296c0036db9e4cf914ba432dcc6bf"]}},{"id":1775,"url":"https:\/\/www.villacaormina.com\/wp-content\/uploads\/2025\/03\/Semaine-europeenne-de-cyclotourisme-2025-a-Prayssac.jpg","name":"European-cycling-touring-week-2025-a-Prayssac.jpg","meta":{"brizy_attachment_uid":"wp-be35940891d483629fd118ba0b137d42.jpg","brizy_post_uid":["a01f7983546afddf26d8f8fb6d803453","e9a296c0036db9e4cf914ba432dcc6bf"]}},{"id":2385,"url":"https:\/\/www.villacaormina.com\/wp-content\/uploads\/2025\/04\/Villa-Caormina-hitoire-de-la-maison.jpg","name":"Villa-Caormina-hitoire-de-la-maison.jpg","meta":{"brizy_attachment_uid":"wp-519aa40b2c6529da68adffdf07d0afc7.jpg","brizy_post_uid":["e9a296c0036db9e4cf914ba432dcc6bf"]}},{"id":2568,"url":"https:\/\/www.villacaormina.com\/wp-content\/uploads\/2025\/04\/Villa-Caormina-anciennes-photos-1.jpg","name":"Villa-Caormina-anciennes-photos-1.jpg","meta":{"brizy_attachment_uid":"wp-8e0f81bb3648fc9db00ef2b2c7e71755.jpg","brizy_post_uid":["e9a296c0036db9e4cf914ba432dcc6bf"]}},{"id":2569,"url":"https:\/\/www.villacaormina.com\/wp-content\/uploads\/2025\/04\/Villa-Caormina-anciennes-photos-2.jpg","name":"Villa-Caormina-anciennes-photos-2.jpg","meta":{"brizy_attachment_uid":"wp-1642e7ed7c42b157cc382fc41bbfbfb8.jpg","brizy_post_uid":["e9a296c0036db9e4cf914ba432dcc6bf"]}},{"id":2570,"url":"https:\/\/www.villacaormina.com\/wp-content\/uploads\/2025\/04\/Villa-Caormina-anciennes-photos-3.jpg","name":"Villa-Caormina-anciennes-photos-3.jpg","meta":{"brizy_attachment_uid":"wp-de2af9c9b4b8003fb4c9b2198b091cfc.jpg","brizy_post_uid":["e9a296c0036db9e4cf914ba432dcc6bf"]}},{"id":2571,"url":"https:\/\/www.villacaormina.com\/wp-content\/uploads\/2025\/04\/Villa-Caormina-anciennes-photos-4.jpg","name":"Villa-Caormina-anciennes-photos-4.jpg","meta":{"brizy_attachment_uid":"wp-3aece4e96baa1fffe0425e13150aca62.jpg","brizy_post_uid":["e9a296c0036db9e4cf914ba432dcc6bf"]}},{"id":2572,"url":"https:\/\/www.villacaormina.com\/wp-content\/uploads\/2025\/04\/Villa-Caormina-anciennes-photos-ok.jpg","name":"Villa-Caormina-anciennes-photos-ok.jpg","meta":{"brizy_attachment_uid":"wp-aac1b1d0899f781a7065848d1025b92f.jpg","brizy_post_uid":["e9a296c0036db9e4cf914ba432dcc6bf"]}},{"id":3645,"url":"https:\/\/www.villacaormina.com\/wp-content\/uploads\/2025\/05\/grotte-du-pech-merle.jpg","name":"grotte-du-pech-merle.jpg","meta":{"brizy_attachment_uid":"wp-0ac90a61cf204e0014255b19712cd74c.jpg","brizy_post_uid":["e9a296c0036db9e4cf914ba432dcc6bf"]}},{"id":3656,"url":"https:\/\/www.villacaormina.com\/wp-content\/uploads\/2025\/05\/chemin-de-st-jacques-en-quercy-blanc-lot.jpg","name":"chemin-de-st-jacques-en-quercy-blanc-lot.jpg","meta":{"brizy_attachment_uid":"wp-ab19d1ca3922f0195875757e7120f98b.jpg","brizy_post_uid":["e9a296c0036db9e4cf914ba432dcc6bf"]}},{"id":4100,"url":"https:\/\/www.villacaormina.com\/wp-content\/uploads\/2025\/08\/Villa-Caormina-Chambre-dhote-de-prestige-dans-le-Lot-1.webp","name":"Villa-Caormina-Prestige-rooms-in-the-Lot-1.webp","meta":{"brizy_attachment_uid":"wp-d06929c4a7f087167c065b24d5de49d2.webp","brizy_post_uid":["a01f7983546afddf26d8f8fb6d803453","e9a296c0036db9e4cf914ba432dcc6bf"]}},{"id":4151,"url":"https:\/\/www.villacaormina.com\/wp-content\/uploads\/2025\/08\/Salon-Villa-Caormina-10.webp","name":"Salon-Villa-Caormina-10.webp","meta":{"brizy_attachment_uid":"wp-4ee041a39d56c1b654ae6d7b1a6383d5.webp","brizy_post_uid":["e9a296c0036db9e4cf914ba432dcc6bf"]}},{"id":5388,"url":"https:\/\/www.villacaormina.com\/wp-content\/uploads\/2025\/10\/Escapade-gourmande-entre-Lot-et-Lot-et-Garonne-scaled.webp","name":"Escapade-gourmande-entre-Lot-et-Lot-et-Garonne.webp","meta":{"brizy_attachment_uid":"wp-7383f20473f47af571d3e8daf74efd47.webp","brizy_post_uid":["e9a296c0036db9e4cf914ba432dcc6bf","a01f7983546afddf26d8f8fb6d803453"]}},{"id":5451,"url":"https:\/\/www.villacaormina.com\/wp-content\/uploads\/2025\/10\/Un-voyage-au-coeur-des-saveurs-lotoises.jpg","name":"Un-voyage-au-coeur-des-saveurs-lotoises.jpg","meta":{"brizy_attachment_uid":"wp-88289d3279ea29a34fac6af94736ffa0.jpg","brizy_post_uid":["e9a296c0036db9e4cf914ba432dcc6bf"]}}],"_links":{"self":[{"href":"https:\/\/www.villacaormina.com\/en\/wp-json\/wp\/v2\/posts\/2623","targetHints":{"allow":["GET"]}}],"collection":[{"href":"https:\/\/www.villacaormina.com\/en\/wp-json\/wp\/v2\/posts"}],"about":[{"href":"https:\/\/www.villacaormina.com\/en\/wp-json\/wp\/v2\/types\/post"}],"author":[{"embeddable":true,"href":"https:\/\/www.villacaormina.com\/en\/wp-json\/wp\/v2\/users\/1"}],"replies":[{"embeddable":true,"href":"https:\/\/www.villacaormina.com\/en\/wp-json\/wp\/v2\/comments?post=2623"}],"version-history":[{"count":0,"href":"https:\/\/www.villacaormina.com\/en\/wp-json\/wp\/v2\/posts\/2623\/revisions"}],"wp:featuredmedia":[{"embeddable":true,"href":"https:\/\/www.villacaormina.com\/en\/wp-json\/wp\/v2\/media\/1775"}],"wp:attachment":[{"href":"https:\/\/www.villacaormina.com\/en\/wp-json\/wp\/v2\/media?parent=2623"}],"wp:term":[{"taxonomy":"category","embeddable":true,"href":"https:\/\/www.villacaormina.com\/en\/wp-json\/wp\/v2\/categories?post=2623"},{"taxonomy":"post_tag","embeddable":true,"href":"https:\/\/www.villacaormina.com\/en\/wp-json\/wp\/v2\/tags?post=2623"}],"curies":[{"name":"wp","href":"https:\/\/api.w.org\/{rel}","templated":true}]}}